{"id":117,"date":"2018-10-09T10:07:18","date_gmt":"2018-10-09T13:07:18","guid":{"rendered":"https:\/\/www.coreduc.cl\/jsu\/?p=117"},"modified":"2019-10-14T13:35:44","modified_gmt":"2019-10-14T16:35:44","slug":"presidente-de-la-cchc-visita-nuestro-liceo","status":"publish","type":"post","link":"https:\/\/www.coreduc.cl\/jsu\/presidente-de-la-cchc-visita-nuestro-liceo\/","title":{"rendered":"Presidente de la CCHC  Visita nuestro Liceo"},"content":{"rendered":"<div class=\"wpb-content-wrapper\"><p>[vc_row css_animation=\u00bb\u00bb row_type=\u00bbrow\u00bb use_row_as_full_screen_section=\u00bbno\u00bb type=\u00bbfull_width\u00bb angled_section=\u00bbno\u00bb text_align=\u00bbleft\u00bb background_image_as_pattern=\u00bbwithout_pattern\u00bb][vc_column][vc_column_text]Don Patricio Donoso Tagle, Presidente de la CChC, junto a miembros de la mesa Directiva de la CChC el d\u00eda jueves 4 de octubre visitaron las dependencias del establecimiento, con el af\u00e1n de conocer nuestro liceo, conversar con los miembros de la comunidad, recorrer las instalaciones y reconocer los logros alcanzados por nuestro Proyecto Corporativo.<\/p>\n<p>En un grato encuentro, el Director, Sr. Edgardo Quezada Arias, en representaci\u00f3n de la comunidad escolar, expuso ante las autoridades de la CChC acerca de os principios forjadores de nuestro establecimiento, de los valores que se encuentran impregnados transversalmente en nuestro Proyecto Educativo, de los logros acad\u00e9micos hist\u00f3ricos alcanzados, de los avances en infraestructura y de los desaf\u00edos de crecimiento institucional.<\/p>\n<p>En esta conversaci\u00f3n participaron los miembros del Consejo Asesor Empresarial Sr. Cesar Palacios y Miguel Tarrag\u00f3 junto a los Directivos del Liceo Jorge S\u00e1nchez Ugarte, el Director del Liceo HVL Don Jorge Munita Parra, sumados a la Presidenta del Centro de Alumnos Srta. Katherine Villagr\u00e1n y la Sra. Carolina Albornoz Presidenta del Centro de Padres.<\/p>\n<p>Recorriendo las instalaciones del establecimiento las autoridades de la CChC visitaron distintas actividades que<br \/>\nse desarrollaban en nuestro establecimiento, como eran el ensayo de la orquesta de cuerda, las actividades deportivas extracurriculares, las nuevas obras recientemente entregadas, visita a un taller de PDA de los m\u00e1s peque\u00f1os y el trabajo de nuestros estudiantes en el taller de Montaje Industrial.<\/p>\n<p>Nos encontramos muy orgullosos que Don Patricio Donoso Tagle junto a la mesa Directiva de la C\u00e1mara hayan elegido visitarnos dando muestra de una profunda cercan\u00eda y afecto hacia nuestro trabajo y hacia el proyecto educativo corporativo.[\/vc_column_text][vc_empty_space][vc_gallery type=\u00bbimage_grid\u00bb images=\u00bb123,124&#8243; img_size=\u00bbfull\u00bb column_number=\u00bb2&#8243; grayscale=\u00bbno\u00bb images_space=\u00bbgallery_with_space\u00bb][vc_empty_space][\/vc_column][\/vc_row]<\/p>\n<\/div>","protected":false},"excerpt":{"rendered":"<p>Don Patricio Donoso Tagle, Presidente de la CChC, junto a miembros de la mesa Directiva<\/p>\n","protected":false},"author":6,"featured_media":122,"comment_status":"closed","ping_status":"closed","sticky":false,"template":"","format":"standard","meta":{"footnotes":""},"categories":[4],"tags":[],"class_list":["post-117","post","type-post","status-publish","format-standard","has-post-thumbnail","hentry","category-noticias"],"_links":{"self":[{"href":"https:\/\/www.coreduc.cl\/jsu\/wp-json\/wp\/v2\/posts\/117","targetHints":{"allow":["GET"]}}],"collection":[{"href":"https:\/\/www.coreduc.cl\/jsu\/wp-json\/wp\/v2\/posts"}],"about":[{"href":"https:\/\/www.coreduc.cl\/jsu\/wp-json\/wp\/v2\/types\/post"}],"author":[{"embeddable":true,"href":"https:\/\/www.coreduc.cl\/jsu\/wp-json\/wp\/v2\/users\/6"}],"replies":[{"embeddable":true,"href":"https:\/\/www.coreduc.cl\/jsu\/wp-json\/wp\/v2\/comments?post=117"}],"version-history":[{"count":6,"href":"https:\/\/www.coreduc.cl\/jsu\/wp-json\/wp\/v2\/posts\/117\/revisions"}],"predecessor-version":[{"id":216,"href":"https:\/\/www.coreduc.cl\/jsu\/wp-json\/wp\/v2\/posts\/117\/revisions\/216"}],"wp:featuredmedia":[{"embeddable":true,"href":"https:\/\/www.coreduc.cl\/jsu\/wp-json\/wp\/v2\/media\/122"}],"wp:attachment":[{"href":"https:\/\/www.coreduc.cl\/jsu\/wp-json\/wp\/v2\/media?parent=117"}],"wp:term":[{"taxonomy":"category","embeddable":true,"href":"https:\/\/www.coreduc.cl\/jsu\/wp-json\/wp\/v2\/categories?post=117"},{"taxonomy":"post_tag","embeddable":true,"href":"https:\/\/www.coreduc.cl\/jsu\/wp-json\/wp\/v2\/tags?post=117"}],"curies":[{"name":"wp","href":"https:\/\/api.w.org\/{rel}","templated":true}]}}