{"id":174,"date":"2017-08-01T11:24:51","date_gmt":"2017-08-01T15:24:51","guid":{"rendered":"https:\/\/www.coreduc.cl\/hvl\/?p=174"},"modified":"2019-10-14T13:04:08","modified_gmt":"2019-10-14T16:04:08","slug":"talleres-de-capacitacion-para-el-trabajo-en-altura","status":"publish","type":"post","link":"https:\/\/www.coreduc.cl\/hvl\/talleres-de-capacitacion-para-el-trabajo-en-altura\/","title":{"rendered":"Talleres de capacitaci\u00f3n para el trabajo en altura"},"content":{"rendered":"<div class=\"wpb-content-wrapper\"><p>[vc_row css_animation=\u00bb\u00bb row_type=\u00bbrow\u00bb use_row_as_full_screen_section=\u00bbno\u00bb type=\u00bbfull_width\u00bb angled_section=\u00bbno\u00bb text_align=\u00bbleft\u00bb background_image_as_pattern=\u00bbwithout_pattern\u00bb][vc_column][vc_column_text]Ingenier\u00eda y Construcci\u00f3n Sigdo Koppers S.A. y la Corporaci\u00f3n Educacional de la Construcci\u00f3n han acordado unir esfuerzos con el objetivo principal de lograr una adecuada formaci\u00f3n profesional de los alumnos de las especialidades del Liceo Industrial de la Construcci\u00f3n HVL a fin, de\u00a0<strong>contribuir a mejorar las habilidades y empleabilidad tanto de los estudiantes de 3\u00b0 y 4\u00b0 Medio como de los egresados de las Especialidades<\/strong>\u00a0de: Construcciones Met\u00e1licas, Instalaciones Sanitaria, Refrigeraci\u00f3n y Climatizaci\u00f3n, Edificaci\u00f3n y Electricidad, para esto se cuenta con un simulador torre. Que se instal\u00f3 en el patio de trazado del Liceo.<\/p>\n<p>El Taller es de car\u00e1cter inminentemente pr\u00e1ctico y se desarrolla todos los d\u00edas Lunes y Martes para los terceros en el m\u00f3dulo de preformaci\u00f3n Dual, en las fotos alumnos de 3\u00b0 Medio de la Especialidad de Construcciones Met\u00e1licas desarrollan las actividades pr\u00e1cticas que les permite obtener una Certificaci\u00f3n con un est\u00e1ndar de seguridad Sigdo Koppers.[\/vc_column_text][vc_empty_space][vc_gallery type=\u00bbimage_grid\u00bb images=\u00bb177,171,178&#8243; img_size=\u00bbfull\u00bb column_number=\u00bb3&#8243; grayscale=\u00bbno\u00bb images_space=\u00bbgallery_with_space\u00bb][vc_empty_space][\/vc_column][\/vc_row]<\/p>\n<\/div>","protected":false},"excerpt":{"rendered":"<p>Ingenier\u00eda y Construcci\u00f3n Sigdo Koppers S.A. y la Corporaci\u00f3n Educacional de la Construcci\u00f3n <\/p>\n","protected":false},"author":6,"featured_media":175,"comment_status":"closed","ping_status":"closed","sticky":false,"template":"","format":"standard","meta":{"footnotes":""},"categories":[4],"tags":[],"_links":{"self":[{"href":"https:\/\/www.coreduc.cl\/hvl\/wp-json\/wp\/v2\/posts\/174"}],"collection":[{"href":"https:\/\/www.coreduc.cl\/hvl\/wp-json\/wp\/v2\/posts"}],"about":[{"href":"https:\/\/www.coreduc.cl\/hvl\/wp-json\/wp\/v2\/types\/post"}],"author":[{"embeddable":true,"href":"https:\/\/www.coreduc.cl\/hvl\/wp-json\/wp\/v2\/users\/6"}],"replies":[{"embeddable":true,"href":"https:\/\/www.coreduc.cl\/hvl\/wp-json\/wp\/v2\/comments?post=174"}],"version-history":[{"count":5,"href":"https:\/\/www.coreduc.cl\/hvl\/wp-json\/wp\/v2\/posts\/174\/revisions"}],"predecessor-version":[{"id":236,"href":"https:\/\/www.coreduc.cl\/hvl\/wp-json\/wp\/v2\/posts\/174\/revisions\/236"}],"wp:featuredmedia":[{"embeddable":true,"href":"https:\/\/www.coreduc.cl\/hvl\/wp-json\/wp\/v2\/media\/175"}],"wp:attachment":[{"href":"https:\/\/www.coreduc.cl\/hvl\/wp-json\/wp\/v2\/media?parent=174"}],"wp:term":[{"taxonomy":"category","embeddable":true,"href":"https:\/\/www.coreduc.cl\/hvl\/wp-json\/wp\/v2\/categories?post=174"},{"taxonomy":"post_tag","embeddable":true,"href":"https:\/\/www.coreduc.cl\/hvl\/wp-json\/wp\/v2\/tags?post=174"}],"curies":[{"name":"wp","href":"https:\/\/api.w.org\/{rel}","templated":true}]}}